{"id":16555,"date":"2020-04-07T17:00:20","date_gmt":"2020-04-07T17:00:20","guid":{"rendered":"https:\/\/www.apen.es\/?p=16555"},"modified":"2025-02-28T11:35:28","modified_gmt":"2025-02-28T11:35:28","slug":"arriben-els-prestecs-ico-coronavirus-per-a-autonoms-microempreses-i-pimes","status":"publish","type":"post","link":"https:\/\/www.apen.es\/ca\/bloc\/arriben-els-prestecs-ico-coronavirus-per-a-autonoms-microempreses-i-pimes\/","title":{"rendered":"Arriben els pr\u00e9stecs ICO coronavirus per a aut\u00f2noms, microempreses i pimes"},"content":{"rendered":"<p>Els&nbsp;<strong>efectes del coronavirus&nbsp;<\/strong>cada dia s\u00f3n m\u00e9s latents en l&#039;economia global i l&#039;estat d&#039;alarma del pa\u00eds est\u00e0 provocant el col\u00b7lapse econ\u00f2mic per a moltes empreses.<br>Per aquest motiu el govern ha anunciat&nbsp;<strong>una l\u00ednia d&#039;avals per garantir la liquiditat de les empreses afectades<\/strong>. Aquesta l\u00ednia d&#039;avals, que arribar\u00e0 als 100.000 milions, ser\u00e0 gestionada pel&nbsp;<strong>Institut Oficial de Cr\u00e8dit (ICO)&nbsp;<\/strong>i tindr\u00e0 unes condicions espec\u00edfiques que aniran destinades a determinats sectors.<br>&nbsp;<\/p>\n\n\n\n<h4 class=\"wp-block-heading\"><strong>L\u00ednies ICO Covid-19<\/strong><\/h4>\n\n\n\n<p>El&nbsp;<strong>ICO \u00e9s una entitat p\u00fablica adscrita al Ministeri d&#039;Afers Econ\u00f2mics i Transformaci\u00f3 Digital<\/strong>&nbsp;que tracta de \u201cpromoure activitats econ\u00f2miques que contribueixin al creixement, al desenvolupament del pa\u00eds ia la millora de la distribuci\u00f3 de la riquesa nacional\u201d. Entre les seves funcions, serveix de banc p\u00fablic concedint pr\u00e9stecs per finan\u00e7ar operacions dinversi\u00f3 i liquiditat de les empreses.<br>Les&nbsp;<strong>l\u00ednies de finan\u00e7ament de l&#039;ICO<\/strong>&nbsp;s&#039;adrecen fonamentalment a treballadors aut\u00f2noms i empreses petites i mitjanes i \u00e9s la mateixa entitat la que determina les dotacions de cada l\u00ednia, la finalitat dels pr\u00e9stecs, els tipus d&#039;inter\u00e8s i els terminis d&#039;amortitzaci\u00f3.<br>A l&#039;anunciada&nbsp;<strong>l\u00ednia de finan\u00e7ament del Covid-19<\/strong>&nbsp;es&nbsp;<strong>afegiran ara 100.000 milions d&#039;euros m\u00e9s per als sectors m\u00e9s afectats pel coronavirus,<\/strong>&nbsp;dels quals, 20.000 milions ja han estat mobilitzats.<br>&nbsp;<\/p>\n\n\n\n<h4 class=\"wp-block-heading\"><strong>Per a aut\u00f2noms i microempreses<\/strong><\/h4>\n\n\n\n<p>\u2022 Fins a 10 empleats.<br>\u2022 Qualsevol sector dactivitat.<br>\u2022 Per a necessitats de liquiditat:<\/p>\n\n\n\n<ul class=\"wp-block-list\">\n<li><\/li>\n<\/ul>\n\n\n\n<p>\u2022 Fins a 1,5 milions d&#039;euros<br>\u2022 Termini fins a 5 anys amb 1 de car\u00e8ncia.<br>\u2022 Garantia del 80%.<br>&nbsp;<\/p>\n\n\n\n<h4 class=\"wp-block-heading\"><strong>Per a pimes<\/strong><\/h4>\n\n\n\n<p>\u2022 Fins a 250 empleats i vendes inferiors a 50 milions d\u02bbeuros o amb un total d\u02bbactiu inferior a 43 milions d\u02bbeuros.<br>\u2022 Qualsevol sector dactivitat.<br>\u2022 Per a necessitats de liquiditat:<\/p>\n\n\n\n<ul class=\"wp-block-list\">\n<li><\/li>\n<\/ul>\n\n\n\n<p>\u2022 Fins al 25% d&#039;Ingressos Anuals o 24 mesos de Despeses de Personal<br>\u2022 Termini fins a 5 anys amb 1 de car\u00e8ncia.<br>\u2022 Garantia del 80%.<br>&nbsp;<\/p>\n\n\n\n<h4 class=\"wp-block-heading\"><strong>Requisits per accedir a l&#039;ICO coronavirus<\/strong><\/h4>\n\n\n\n<p>\u2022 Ser aut\u00f2nom o empresa domiciliada a Espanya.<br>\u2022 No figurar als&nbsp;<strong>fitxers de morositat<\/strong><br>\u2022 No estar enmig d&#039;un procediment de&nbsp;<strong>insolv\u00e8ncia col\u00b7lectiva<\/strong><br>\u2022 No utilitzar el finan\u00e7ament per dur a terme&nbsp;<strong>refinan\u00e7aments anteriors o posteriors<\/strong>&nbsp;a altres pr\u00e9stecs<br>\u2022 Tenir&nbsp;<strong>una qualificaci\u00f3 credit\u00edcia B- o superior<\/strong>&nbsp;en el cas dels qui tinguin condici\u00f3 de gran empresa<br>&nbsp;<br>Els pr\u00e9stecs ICO s&#039;han de sol\u00b7licitar directament a les entitats financeres de cada client. De moment,&nbsp;<strong>els bancs adherits en qu\u00e8 es podr\u00e0 sol\u00b7licitar aquest finan\u00e7ament<\/strong>&nbsp;s\u00f3n: Banco Santander, BBVA, CaixaBank, BCC (Grup Cajamar), B. Cooperatiu, Bankinter, Caixa Rural de Terol, Liberbank, Banc Sabadell, Caixa Rural del Sud, Caixa Rural de Navarra, Caixa Rural de Ja\u00e9n, Caixa Rural de Zamora, Caixa Rural d&#039;Ast\u00faries, Globalcaja, Caixa Granada, Unicaja i Abanca.<\/p>","protected":false},"excerpt":{"rendered":"<p>Los&nbsp;efectos del coronavirus&nbsp;son cada d\u00eda m\u00e1s latentes en la econom\u00eda global y el estado de alarma del pa\u00eds est\u00e1 provocando&#8230;<\/p>","protected":false},"author":4,"featured_media":16556,"comment_status":"closed","ping_status":"open","sticky":false,"template":"","format":"standard","meta":{"_acf_changed":false,"_kad_blocks_custom_css":"","_kad_blocks_head_custom_js":"","_kad_blocks_body_custom_js":"","_kad_blocks_footer_custom_js":"","_kad_post_transparent":"","_kad_post_title":"","_kad_post_layout":"","_kad_post_sidebar_id":"","_kad_post_content_style":"","_kad_post_vertical_padding":"","_kad_post_feature":"","_kad_post_feature_position":"","_kad_post_header":false,"_kad_post_footer":false,"_kad_post_classname":"","footnotes":""},"categories":[417,47],"tags":[],"class_list":["post-16555","post","type-post","status-publish","format-standard","has-post-thumbnail","hentry","category-actualidad","category-apen"],"acf":[],"yoast_head":"<!-- This site is optimized with the Yoast SEO plugin v27.4 - https:\/\/yoast.com\/product\/yoast-seo-wordpress\/ -->\n<title>Llegan los pr\u00e9stamos ICO coronavirus para aut\u00f3nomos, microempresas y pymes - Apen Inform\u00e1tica<\/title>\n<meta name=\"description\" content=\"Los&nbsp;efectos del coronavirus&nbsp;son cada d\u00eda m\u00e1s latentes en la econom\u00eda global y el estado de alarma del pa\u00eds est\u00e1 provocando el colapso econ\u00f3mico\" \/>\n<meta name=\"robots\" content=\"index, follow, max-snippet:-1, max-image-preview:large, max-video-preview:-1\" \/>\n<link rel=\"canonical\" href=\"https:\/\/www.apen.es\/ca\/bloc\/arriben-els-prestecs-ico-coronavirus-per-a-autonoms-microempreses-i-pimes\/\" \/>\n<meta property=\"og:locale\" content=\"ca_ES\" \/>\n<meta property=\"og:type\" content=\"article\" \/>\n<meta property=\"og:title\" content=\"Llegan los pr\u00e9stamos ICO coronavirus para aut\u00f3nomos, microempresas y pymes - Apen Inform\u00e1tica\" \/>\n<meta property=\"og:description\" content=\"Los&nbsp;efectos del coronavirus&nbsp;son cada d\u00eda m\u00e1s latentes en la econom\u00eda global y el estado de alarma del pa\u00eds est\u00e1 provocando el colapso econ\u00f3mico\" \/>\n<meta property=\"og:url\" content=\"https:\/\/www.apen.es\/ca\/bloc\/arriben-els-prestecs-ico-coronavirus-per-a-autonoms-microempreses-i-pimes\/\" \/>\n<meta property=\"og:site_name\" content=\"Apen Inform\u00e1tica\" \/>\n<meta property=\"article:publisher\" content=\"https:\/\/www.facebook.com\/apensolucions\" \/>\n<meta property=\"article:published_time\" content=\"2020-04-07T17:00:20+00:00\" \/>\n<meta property=\"article:modified_time\" content=\"2025-02-28T11:35:28+00:00\" \/>\n<meta property=\"og:image\" content=\"https:\/\/www.apen.es\/wp-content\/uploads\/2020\/04\/ICO-post.jpg\" \/>\n\t<meta property=\"og:image:width\" content=\"850\" \/>\n\t<meta property=\"og:image:height\" content=\"401\" \/>\n\t<meta property=\"og:image:type\" content=\"image\/jpeg\" \/>\n<meta name=\"author\" content=\"marqueting\" \/>\n<meta name=\"twitter:card\" content=\"summary_large_image\" \/>\n<meta name=\"twitter:label1\" content=\"Escrit per\" \/>\n\t<meta name=\"twitter:data1\" content=\"marqueting\" \/>\n\t<meta name=\"twitter:label2\" content=\"Temps estimat de lectura\" \/>\n\t<meta name=\"twitter:data2\" content=\"3 minuts\" \/>\n<script type=\"application\/ld+json\" class=\"yoast-schema-graph\">{\"@context\":\"https:\\\/\\\/schema.org\",\"@graph\":[{\"@type\":\"Article\",\"@id\":\"https:\\\/\\\/www.apen.es\\\/blog\\\/llegan-los-prestamos-ico-coronavirus-para-autonomos-microempresas-y-pymes\\\/#article\",\"isPartOf\":{\"@id\":\"https:\\\/\\\/www.apen.es\\\/blog\\\/llegan-los-prestamos-ico-coronavirus-para-autonomos-microempresas-y-pymes\\\/\"},\"author\":{\"name\":\"marqueting\",\"@id\":\"https:\\\/\\\/www.apen.es\\\/#\\\/schema\\\/person\\\/627cea3460442d338764155dd31958c2\"},\"headline\":\"Llegan los pr\u00e9stamos ICO coronavirus para aut\u00f3nomos, microempresas y pymes\",\"datePublished\":\"2020-04-07T17:00:20+00:00\",\"dateModified\":\"2025-02-28T11:35:28+00:00\",\"mainEntityOfPage\":{\"@id\":\"https:\\\/\\\/www.apen.es\\\/blog\\\/llegan-los-prestamos-ico-coronavirus-para-autonomos-microempresas-y-pymes\\\/\"},\"wordCount\":514,\"publisher\":{\"@id\":\"https:\\\/\\\/www.apen.es\\\/#organization\"},\"image\":{\"@id\":\"https:\\\/\\\/www.apen.es\\\/blog\\\/llegan-los-prestamos-ico-coronavirus-para-autonomos-microempresas-y-pymes\\\/#primaryimage\"},\"thumbnailUrl\":\"https:\\\/\\\/www.apen.es\\\/wp-content\\\/uploads\\\/2020\\\/04\\\/ICO-post.jpg\",\"articleSection\":[\"Actualidad\",\"Apen\"],\"inLanguage\":\"ca\"},{\"@type\":\"WebPage\",\"@id\":\"https:\\\/\\\/www.apen.es\\\/blog\\\/llegan-los-prestamos-ico-coronavirus-para-autonomos-microempresas-y-pymes\\\/\",\"url\":\"https:\\\/\\\/www.apen.es\\\/blog\\\/llegan-los-prestamos-ico-coronavirus-para-autonomos-microempresas-y-pymes\\\/\",\"name\":\"Llegan los pr\u00e9stamos ICO coronavirus para aut\u00f3nomos, microempresas y pymes - Apen Inform\u00e1tica\",\"isPartOf\":{\"@id\":\"https:\\\/\\\/www.apen.es\\\/#website\"},\"primaryImageOfPage\":{\"@id\":\"https:\\\/\\\/www.apen.es\\\/blog\\\/llegan-los-prestamos-ico-coronavirus-para-autonomos-microempresas-y-pymes\\\/#primaryimage\"},\"image\":{\"@id\":\"https:\\\/\\\/www.apen.es\\\/blog\\\/llegan-los-prestamos-ico-coronavirus-para-autonomos-microempresas-y-pymes\\\/#primaryimage\"},\"thumbnailUrl\":\"https:\\\/\\\/www.apen.es\\\/wp-content\\\/uploads\\\/2020\\\/04\\\/ICO-post.jpg\",\"datePublished\":\"2020-04-07T17:00:20+00:00\",\"dateModified\":\"2025-02-28T11:35:28+00:00\",\"description\":\"Los&nbsp;efectos del coronavirus&nbsp;son cada d\u00eda m\u00e1s latentes en la econom\u00eda global y el estado de alarma del pa\u00eds est\u00e1 provocando el colapso econ\u00f3mico\",\"breadcrumb\":{\"@id\":\"https:\\\/\\\/www.apen.es\\\/blog\\\/llegan-los-prestamos-ico-coronavirus-para-autonomos-microempresas-y-pymes\\\/#breadcrumb\"},\"inLanguage\":\"ca\",\"potentialAction\":[{\"@type\":\"ReadAction\",\"target\":[\"https:\\\/\\\/www.apen.es\\\/blog\\\/llegan-los-prestamos-ico-coronavirus-para-autonomos-microempresas-y-pymes\\\/\"]}]},{\"@type\":\"ImageObject\",\"inLanguage\":\"ca\",\"@id\":\"https:\\\/\\\/www.apen.es\\\/blog\\\/llegan-los-prestamos-ico-coronavirus-para-autonomos-microempresas-y-pymes\\\/#primaryimage\",\"url\":\"https:\\\/\\\/www.apen.es\\\/wp-content\\\/uploads\\\/2020\\\/04\\\/ICO-post.jpg\",\"contentUrl\":\"https:\\\/\\\/www.apen.es\\\/wp-content\\\/uploads\\\/2020\\\/04\\\/ICO-post.jpg\",\"width\":850,\"height\":401},{\"@type\":\"BreadcrumbList\",\"@id\":\"https:\\\/\\\/www.apen.es\\\/blog\\\/llegan-los-prestamos-ico-coronavirus-para-autonomos-microempresas-y-pymes\\\/#breadcrumb\",\"itemListElement\":[{\"@type\":\"ListItem\",\"position\":1,\"name\":\"Portada\",\"item\":\"https:\\\/\\\/www.apen.es\\\/\"},{\"@type\":\"ListItem\",\"position\":2,\"name\":\"Llegan los pr\u00e9stamos ICO coronavirus para aut\u00f3nomos, microempresas y pymes\"}]},{\"@type\":\"WebSite\",\"@id\":\"https:\\\/\\\/www.apen.es\\\/#website\",\"url\":\"https:\\\/\\\/www.apen.es\\\/\",\"name\":\"Apen Inform\u00e1tica\",\"description\":\"Mantenimiento Inform\u00e1tico , Software de Gesti\u00f3n, Soluciones de impresi\u00f3n\",\"publisher\":{\"@id\":\"https:\\\/\\\/www.apen.es\\\/#organization\"},\"potentialAction\":[{\"@type\":\"SearchAction\",\"target\":{\"@type\":\"EntryPoint\",\"urlTemplate\":\"https:\\\/\\\/www.apen.es\\\/?s={search_term_string}\"},\"query-input\":{\"@type\":\"PropertyValueSpecification\",\"valueRequired\":true,\"valueName\":\"search_term_string\"}}],\"inLanguage\":\"ca\"},{\"@type\":\"Organization\",\"@id\":\"https:\\\/\\\/www.apen.es\\\/#organization\",\"name\":\"Apen: Soluciones inform\u00e1ticas\",\"url\":\"https:\\\/\\\/www.apen.es\\\/\",\"logo\":{\"@type\":\"ImageObject\",\"inLanguage\":\"ca\",\"@id\":\"https:\\\/\\\/www.apen.es\\\/#\\\/schema\\\/logo\\\/image\\\/\",\"url\":\"https:\\\/\\\/www.apen.es\\\/wp-content\\\/uploads\\\/2022\\\/08\\\/logo-apenok-231x82-1.png\",\"contentUrl\":\"https:\\\/\\\/www.apen.es\\\/wp-content\\\/uploads\\\/2022\\\/08\\\/logo-apenok-231x82-1.png\",\"width\":231,\"height\":82,\"caption\":\"Apen: Soluciones inform\u00e1ticas\"},\"image\":{\"@id\":\"https:\\\/\\\/www.apen.es\\\/#\\\/schema\\\/logo\\\/image\\\/\"},\"sameAs\":[\"https:\\\/\\\/www.facebook.com\\\/apensolucions\",\"https:\\\/\\\/www.youtube.com\\\/user\\\/ApenCentreInformatic\",\"https:\\\/\\\/www.linkedin.com\\\/company\\\/1021771?trk=tyah&trkInfo=clickedVerticalcompanyclickedEntityId1021771idx2-1-2tarId1464195271196tasapenin\"]},{\"@type\":\"Person\",\"@id\":\"https:\\\/\\\/www.apen.es\\\/#\\\/schema\\\/person\\\/627cea3460442d338764155dd31958c2\",\"name\":\"marqueting\",\"image\":{\"@type\":\"ImageObject\",\"inLanguage\":\"ca\",\"@id\":\"https:\\\/\\\/secure.gravatar.com\\\/avatar\\\/fa80be4db3ad9b3dd851d8272d342d92bf26d7d7e31e15c99432aaeefb8b1735?s=96&d=mm&r=g\",\"url\":\"https:\\\/\\\/secure.gravatar.com\\\/avatar\\\/fa80be4db3ad9b3dd851d8272d342d92bf26d7d7e31e15c99432aaeefb8b1735?s=96&d=mm&r=g\",\"contentUrl\":\"https:\\\/\\\/secure.gravatar.com\\\/avatar\\\/fa80be4db3ad9b3dd851d8272d342d92bf26d7d7e31e15c99432aaeefb8b1735?s=96&d=mm&r=g\",\"caption\":\"marqueting\"},\"url\":\"https:\\\/\\\/www.apen.es\\\/ca\\\/blog\\\/author\\\/marqueting\\\/\"}]}<\/script>\n<!-- \/ Yoast SEO plugin. -->","yoast_head_json":{"title":"Arriben els pr\u00e9stecs ICO coronavirus per a aut\u00f2noms, microempreses i pimes - Apen Inform\u00e0tica","description":"Els efectes del coronavirus s\u00f3n cada dia m\u00e9s latents a l&#039;economia global i l&#039;estat d&#039;alarma del pa\u00eds est\u00e0 provocant el col\u00b7lapse econ\u00f2mic","robots":{"index":"index","follow":"follow","max-snippet":"max-snippet:-1","max-image-preview":"max-image-preview:large","max-video-preview":"max-video-preview:-1"},"canonical":"https:\/\/www.apen.es\/ca\/bloc\/arriben-els-prestecs-ico-coronavirus-per-a-autonoms-microempreses-i-pimes\/","og_locale":"ca_ES","og_type":"article","og_title":"Llegan los pr\u00e9stamos ICO coronavirus para aut\u00f3nomos, microempresas y pymes - Apen Inform\u00e1tica","og_description":"Los&nbsp;efectos del coronavirus&nbsp;son cada d\u00eda m\u00e1s latentes en la econom\u00eda global y el estado de alarma del pa\u00eds est\u00e1 provocando el colapso econ\u00f3mico","og_url":"https:\/\/www.apen.es\/ca\/bloc\/arriben-els-prestecs-ico-coronavirus-per-a-autonoms-microempreses-i-pimes\/","og_site_name":"Apen Inform\u00e1tica","article_publisher":"https:\/\/www.facebook.com\/apensolucions","article_published_time":"2020-04-07T17:00:20+00:00","article_modified_time":"2025-02-28T11:35:28+00:00","og_image":[{"width":850,"height":401,"url":"https:\/\/www.apen.es\/wp-content\/uploads\/2020\/04\/ICO-post.jpg","type":"image\/jpeg"}],"author":"marqueting","twitter_card":"summary_large_image","twitter_misc":{"Escrit per":"marqueting","Temps estimat de lectura":"3 minuts"},"schema":{"@context":"https:\/\/schema.org","@graph":[{"@type":"Article","@id":"https:\/\/www.apen.es\/blog\/llegan-los-prestamos-ico-coronavirus-para-autonomos-microempresas-y-pymes\/#article","isPartOf":{"@id":"https:\/\/www.apen.es\/blog\/llegan-los-prestamos-ico-coronavirus-para-autonomos-microempresas-y-pymes\/"},"author":{"name":"marqueting","@id":"https:\/\/www.apen.es\/#\/schema\/person\/627cea3460442d338764155dd31958c2"},"headline":"Llegan los pr\u00e9stamos ICO coronavirus para aut\u00f3nomos, microempresas y pymes","datePublished":"2020-04-07T17:00:20+00:00","dateModified":"2025-02-28T11:35:28+00:00","mainEntityOfPage":{"@id":"https:\/\/www.apen.es\/blog\/llegan-los-prestamos-ico-coronavirus-para-autonomos-microempresas-y-pymes\/"},"wordCount":514,"publisher":{"@id":"https:\/\/www.apen.es\/#organization"},"image":{"@id":"https:\/\/www.apen.es\/blog\/llegan-los-prestamos-ico-coronavirus-para-autonomos-microempresas-y-pymes\/#primaryimage"},"thumbnailUrl":"https:\/\/www.apen.es\/wp-content\/uploads\/2020\/04\/ICO-post.jpg","articleSection":["Actualidad","Apen"],"inLanguage":"ca"},{"@type":"WebPage","@id":"https:\/\/www.apen.es\/blog\/llegan-los-prestamos-ico-coronavirus-para-autonomos-microempresas-y-pymes\/","url":"https:\/\/www.apen.es\/blog\/llegan-los-prestamos-ico-coronavirus-para-autonomos-microempresas-y-pymes\/","name":"Arriben els pr\u00e9stecs ICO coronavirus per a aut\u00f2noms, microempreses i pimes - Apen Inform\u00e0tica","isPartOf":{"@id":"https:\/\/www.apen.es\/#website"},"primaryImageOfPage":{"@id":"https:\/\/www.apen.es\/blog\/llegan-los-prestamos-ico-coronavirus-para-autonomos-microempresas-y-pymes\/#primaryimage"},"image":{"@id":"https:\/\/www.apen.es\/blog\/llegan-los-prestamos-ico-coronavirus-para-autonomos-microempresas-y-pymes\/#primaryimage"},"thumbnailUrl":"https:\/\/www.apen.es\/wp-content\/uploads\/2020\/04\/ICO-post.jpg","datePublished":"2020-04-07T17:00:20+00:00","dateModified":"2025-02-28T11:35:28+00:00","description":"Els efectes del coronavirus s\u00f3n cada dia m\u00e9s latents a l&#039;economia global i l&#039;estat d&#039;alarma del pa\u00eds est\u00e0 provocant el col\u00b7lapse econ\u00f2mic","breadcrumb":{"@id":"https:\/\/www.apen.es\/blog\/llegan-los-prestamos-ico-coronavirus-para-autonomos-microempresas-y-pymes\/#breadcrumb"},"inLanguage":"ca","potentialAction":[{"@type":"ReadAction","target":["https:\/\/www.apen.es\/blog\/llegan-los-prestamos-ico-coronavirus-para-autonomos-microempresas-y-pymes\/"]}]},{"@type":"ImageObject","inLanguage":"ca","@id":"https:\/\/www.apen.es\/blog\/llegan-los-prestamos-ico-coronavirus-para-autonomos-microempresas-y-pymes\/#primaryimage","url":"https:\/\/www.apen.es\/wp-content\/uploads\/2020\/04\/ICO-post.jpg","contentUrl":"https:\/\/www.apen.es\/wp-content\/uploads\/2020\/04\/ICO-post.jpg","width":850,"height":401},{"@type":"BreadcrumbList","@id":"https:\/\/www.apen.es\/blog\/llegan-los-prestamos-ico-coronavirus-para-autonomos-microempresas-y-pymes\/#breadcrumb","itemListElement":[{"@type":"ListItem","position":1,"name":"Portada","item":"https:\/\/www.apen.es\/"},{"@type":"ListItem","position":2,"name":"Llegan los pr\u00e9stamos ICO coronavirus para aut\u00f3nomos, microempresas y pymes"}]},{"@type":"WebSite","@id":"https:\/\/www.apen.es\/#website","url":"https:\/\/www.apen.es\/","name":"Apen Inform\u00e0tica","description":"Manteniment inform\u00e0tic , programari de gesti\u00f3, solucions d&#039;impressi\u00f3","publisher":{"@id":"https:\/\/www.apen.es\/#organization"},"potentialAction":[{"@type":"SearchAction","target":{"@type":"EntryPoint","urlTemplate":"https:\/\/www.apen.es\/?s={search_term_string}"},"query-input":{"@type":"PropertyValueSpecification","valueRequired":true,"valueName":"search_term_string"}}],"inLanguage":"ca"},{"@type":"Organization","@id":"https:\/\/www.apen.es\/#organization","name":"Apen: Solucions inform\u00e0tiques","url":"https:\/\/www.apen.es\/","logo":{"@type":"ImageObject","inLanguage":"ca","@id":"https:\/\/www.apen.es\/#\/schema\/logo\/image\/","url":"https:\/\/www.apen.es\/wp-content\/uploads\/2022\/08\/logo-apenok-231x82-1.png","contentUrl":"https:\/\/www.apen.es\/wp-content\/uploads\/2022\/08\/logo-apenok-231x82-1.png","width":231,"height":82,"caption":"Apen: Soluciones inform\u00e1ticas"},"image":{"@id":"https:\/\/www.apen.es\/#\/schema\/logo\/image\/"},"sameAs":["https:\/\/www.facebook.com\/apensolucions","https:\/\/www.youtube.com\/user\/ApenCentreInformatic","https:\/\/www.linkedin.com\/company\/1021771?trk=tyah&trkInfo=clickedVerticalcompanyclickedEntityId1021771idx2-1-2tarId1464195271196tasapenin"]},{"@type":"Person","@id":"https:\/\/www.apen.es\/#\/schema\/person\/627cea3460442d338764155dd31958c2","name":"m\u00e0rqueting","image":{"@type":"ImageObject","inLanguage":"ca","@id":"https:\/\/secure.gravatar.com\/avatar\/fa80be4db3ad9b3dd851d8272d342d92bf26d7d7e31e15c99432aaeefb8b1735?s=96&d=mm&r=g","url":"https:\/\/secure.gravatar.com\/avatar\/fa80be4db3ad9b3dd851d8272d342d92bf26d7d7e31e15c99432aaeefb8b1735?s=96&d=mm&r=g","contentUrl":"https:\/\/secure.gravatar.com\/avatar\/fa80be4db3ad9b3dd851d8272d342d92bf26d7d7e31e15c99432aaeefb8b1735?s=96&d=mm&r=g","caption":"marqueting"},"url":"https:\/\/www.apen.es\/ca\/blog\/author\/marqueting\/"}]}},"taxonomy_info":{"category":[{"value":417,"label":"Actualidad"},{"value":47,"label":"Apen"}]},"featured_image_src_large":["https:\/\/www.apen.es\/wp-content\/uploads\/2020\/04\/ICO-post.jpg",850,401,false],"author_info":{"display_name":"marqueting","author_link":"https:\/\/www.apen.es\/ca\/blog\/author\/marqueting\/"},"comment_info":0,"category_info":[{"term_id":417,"name":"Actualidad","slug":"actualidad","term_group":0,"term_taxonomy_id":417,"taxonomy":"category","description":"","parent":0,"count":83,"filter":"raw","term_order":"0","cat_ID":417,"category_count":83,"category_description":"","cat_name":"Actualidad","category_nicename":"actualidad","category_parent":0},{"term_id":47,"name":"Apen","slug":"apen","term_group":0,"term_taxonomy_id":47,"taxonomy":"category","description":"","parent":0,"count":256,"filter":"raw","term_order":"0","cat_ID":47,"category_count":256,"category_description":"","cat_name":"Apen","category_nicename":"apen","category_parent":0}],"tag_info":false,"_links":{"self":[{"href":"https:\/\/www.apen.es\/ca\/wp-json\/wp\/v2\/posts\/16555","targetHints":{"allow":["GET"]}}],"collection":[{"href":"https:\/\/www.apen.es\/ca\/wp-json\/wp\/v2\/posts"}],"about":[{"href":"https:\/\/www.apen.es\/ca\/wp-json\/wp\/v2\/types\/post"}],"author":[{"embeddable":true,"href":"https:\/\/www.apen.es\/ca\/wp-json\/wp\/v2\/users\/4"}],"replies":[{"embeddable":true,"href":"https:\/\/www.apen.es\/ca\/wp-json\/wp\/v2\/comments?post=16555"}],"version-history":[{"count":1,"href":"https:\/\/www.apen.es\/ca\/wp-json\/wp\/v2\/posts\/16555\/revisions"}],"predecessor-version":[{"id":53635,"href":"https:\/\/www.apen.es\/ca\/wp-json\/wp\/v2\/posts\/16555\/revisions\/53635"}],"wp:featuredmedia":[{"embeddable":true,"href":"https:\/\/www.apen.es\/ca\/wp-json\/wp\/v2\/media\/16556"}],"wp:attachment":[{"href":"https:\/\/www.apen.es\/ca\/wp-json\/wp\/v2\/media?parent=16555"}],"wp:term":[{"taxonomy":"category","embeddable":true,"href":"https:\/\/www.apen.es\/ca\/wp-json\/wp\/v2\/categories?post=16555"},{"taxonomy":"post_tag","embeddable":true,"href":"https:\/\/www.apen.es\/ca\/wp-json\/wp\/v2\/tags?post=16555"}],"curies":[{"name":"wp","href":"https:\/\/api.w.org\/{rel}","templated":true}]}}