{"id":15830,"date":"2020-01-16T10:13:07","date_gmt":"2020-01-16T10:13:07","guid":{"rendered":"https:\/\/www.apen.es\/?p=15830"},"modified":"2025-02-28T11:51:58","modified_gmt":"2025-02-28T11:51:58","slug":"windows-7-ja-es-historia","status":"publish","type":"post","link":"https:\/\/www.apen.es\/ca\/blog\/windows-7-ya-es-historia\/","title":{"rendered":"Windows 7 ja \u00e9s hist\u00f2ria!"},"content":{"rendered":"<p>Microsoft ha deixat de donar suport a&nbsp;<strong>Windows 7<\/strong>&nbsp;a partir d\u00b4aquest dimarts 14 de gener. Tot i que la gran majoria d&#039;usuaris ja s&#039;han passat a Windows 10, la versi\u00f3 m\u00e9s recent del sistema operatiu,&nbsp;<strong>encara queda un 32,75%&nbsp;<\/strong>d&#039;usuaris que segueixen utilitzant la que \u00e9s considerada com una de les versions m\u00e9s estables de Microsoft Windows des que va estrenar el 1985.<br>Per aix\u00f2, tots aquells usuaris que continu\u00efn utilitzant aquest sistema operatiu s&#039;han quedat sense assist\u00e8ncia t\u00e8cnica i sense actualitzacions de programari de Windows Update. Ja \u00e9s un fet, Microsoft ha deixat d&#039;oferir suport t\u00e8cnic a&nbsp;<strong>Windows 7<\/strong>&nbsp;per centrar-se en tecnologies m\u00e9s recents i noves experi\u00e8ncies.<br>&nbsp;<\/p>\n\n\n\n<h4 class=\"wp-block-heading\"><strong>Com us afecta?<\/strong><\/h4>\n\n\n\n<p>Si sou una d&#039;aquelles persones que encara utilitzeu<strong>&nbsp;Windows 7<\/strong>, podr\u00e0s seguir utilitzant el teu ordinador com fins ara. Tot i aix\u00f2, i com que deixar\u00e0s de rebre actualitzacions de programari i seguretat, ser\u00e0s vulnerable. Des de Microsoft ens recorden que estar\u00e0s m\u00e9s exposat a riscos tant de virus com de codi malici\u00f3s (malware). Aix\u00f2 vol dir que haur\u00e0s de rec\u00f3rrer a ajuda de tercers per resoldre els possibles errors que puguin succeir.<br>&nbsp;<\/p>\n\n\n\n<h4 class=\"wp-block-heading\"><strong>Qu\u00e8 has de fer?<\/strong><\/h4>\n\n\n\n<p>Sens dubte, migrar a un nou sistema operatiu. No hi ha cap altre cam\u00ed, Microsoft no far\u00e0 marxa enrere com tampoc ho va fer amb Windows XP i per tant, l&#039;\u00fanica soluci\u00f3 \u00e9s migrar a un nou sistema operatiu. Si encara ets un usuari de&nbsp;<strong>Windows 7<\/strong>&nbsp;el salt l\u00f2gic \u00e9s passar-se a Windows 10 (mant\u00e9 les mateixes especificacions m\u00ednimes de maquinari que les dues versions anteriors).<br>&nbsp;<br>Si encara utilitzes&nbsp;<strong>Windows 7<\/strong>&nbsp;anticipa&#039;t a possibles problemes i passa&#039;t a windows 10, ja sigui actualitzant el teu sistema operatiu o comprant nous equips que s&#039;ajusti a les teves necessitats.<\/p>\n\n\n\n<h4 class=\"wp-block-heading\"><strong><a href=\"mailto:info@apen.es\">Necessites ajuda? A Apen ens encarreguem de tot el proc\u00e9s.<\/a><\/strong><\/h4>","protected":false},"excerpt":{"rendered":"<p>Microsoft ha dejado de dar soporte a&nbsp;Windows 7&nbsp;a partir de este martes 14 de enero. Todo y que la gran&#8230;<\/p>","protected":false},"author":4,"featured_media":15831,"comment_status":"closed","ping_status":"open","sticky":false,"template":"","format":"standard","meta":{"_acf_changed":false,"_kad_blocks_custom_css":"","_kad_blocks_head_custom_js":"","_kad_blocks_body_custom_js":"","_kad_blocks_footer_custom_js":"","_kad_post_transparent":"","_kad_post_title":"","_kad_post_layout":"","_kad_post_sidebar_id":"","_kad_post_content_style":"","_kad_post_vertical_padding":"","_kad_post_feature":"","_kad_post_feature_position":"","_kad_post_header":false,"_kad_post_footer":false,"_kad_post_classname":"","footnotes":""},"categories":[425],"tags":[426],"class_list":["post-15830","post","type-post","status-publish","format-standard","has-post-thumbnail","hentry","category-windows-7","tag-final-windows-7"],"acf":[],"yoast_head":"<!-- This site is optimized with the Yoast SEO plugin v27.4 - https:\/\/yoast.com\/product\/yoast-seo-wordpress\/ -->\n<title>\u00a1Windows 7 ya es historia! - Apen Inform\u00e1tica<\/title>\n<meta name=\"description\" content=\"Microsoft ha dejado de dar soporte a&nbsp;Windows 7&nbsp;a partir de este martes 14 de enero. Todo y que la gran mayor\u00eda de usuarios ya se ha pasado a\" \/>\n<meta name=\"robots\" content=\"index, follow, max-snippet:-1, max-image-preview:large, max-video-preview:-1\" \/>\n<link rel=\"canonical\" href=\"https:\/\/www.apen.es\/ca\/bloc\/windows-7-ja-es-historia\/\" \/>\n<meta property=\"og:locale\" content=\"ca_ES\" \/>\n<meta property=\"og:type\" content=\"article\" \/>\n<meta property=\"og:title\" content=\"\u00a1Windows 7 ya es historia! - Apen Inform\u00e1tica\" \/>\n<meta property=\"og:description\" content=\"Microsoft ha dejado de dar soporte a&nbsp;Windows 7&nbsp;a partir de este martes 14 de enero. Todo y que la gran mayor\u00eda de usuarios ya se ha pasado a\" \/>\n<meta property=\"og:url\" content=\"https:\/\/www.apen.es\/ca\/bloc\/windows-7-ja-es-historia\/\" \/>\n<meta property=\"og:site_name\" content=\"Apen Inform\u00e1tica\" \/>\n<meta property=\"article:publisher\" content=\"https:\/\/www.facebook.com\/apensolucions\" \/>\n<meta property=\"article:published_time\" content=\"2020-01-16T10:13:07+00:00\" \/>\n<meta property=\"article:modified_time\" content=\"2025-02-28T11:51:58+00:00\" \/>\n<meta property=\"og:image\" content=\"https:\/\/www.apen.es\/wp-content\/uploads\/2020\/01\/Win7-end.jpg\" \/>\n\t<meta property=\"og:image:width\" content=\"850\" \/>\n\t<meta property=\"og:image:height\" content=\"401\" \/>\n\t<meta property=\"og:image:type\" content=\"image\/jpeg\" \/>\n<meta name=\"author\" content=\"marqueting\" \/>\n<meta name=\"twitter:card\" content=\"summary_large_image\" \/>\n<meta name=\"twitter:label1\" content=\"Escrit per\" \/>\n\t<meta name=\"twitter:data1\" content=\"marqueting\" \/>\n\t<meta name=\"twitter:label2\" content=\"Temps estimat de lectura\" \/>\n\t<meta name=\"twitter:data2\" content=\"2 minuts\" \/>\n<script type=\"application\/ld+json\" class=\"yoast-schema-graph\">{\"@context\":\"https:\\\/\\\/schema.org\",\"@graph\":[{\"@type\":\"Article\",\"@id\":\"https:\\\/\\\/www.apen.es\\\/blog\\\/windows-7-ya-es-historia\\\/#article\",\"isPartOf\":{\"@id\":\"https:\\\/\\\/www.apen.es\\\/blog\\\/windows-7-ya-es-historia\\\/\"},\"author\":{\"name\":\"marqueting\",\"@id\":\"https:\\\/\\\/www.apen.es\\\/#\\\/schema\\\/person\\\/627cea3460442d338764155dd31958c2\"},\"headline\":\"\u00a1Windows 7 ya es historia!\",\"datePublished\":\"2020-01-16T10:13:07+00:00\",\"dateModified\":\"2025-02-28T11:51:58+00:00\",\"mainEntityOfPage\":{\"@id\":\"https:\\\/\\\/www.apen.es\\\/blog\\\/windows-7-ya-es-historia\\\/\"},\"wordCount\":331,\"publisher\":{\"@id\":\"https:\\\/\\\/www.apen.es\\\/#organization\"},\"image\":{\"@id\":\"https:\\\/\\\/www.apen.es\\\/blog\\\/windows-7-ya-es-historia\\\/#primaryimage\"},\"thumbnailUrl\":\"https:\\\/\\\/www.apen.es\\\/wp-content\\\/uploads\\\/2020\\\/01\\\/Win7-end.jpg\",\"keywords\":[\"Final windows 7\"],\"articleSection\":[\"Windows 7\"],\"inLanguage\":\"ca\"},{\"@type\":\"WebPage\",\"@id\":\"https:\\\/\\\/www.apen.es\\\/blog\\\/windows-7-ya-es-historia\\\/\",\"url\":\"https:\\\/\\\/www.apen.es\\\/blog\\\/windows-7-ya-es-historia\\\/\",\"name\":\"\u00a1Windows 7 ya es historia! - Apen Inform\u00e1tica\",\"isPartOf\":{\"@id\":\"https:\\\/\\\/www.apen.es\\\/#website\"},\"primaryImageOfPage\":{\"@id\":\"https:\\\/\\\/www.apen.es\\\/blog\\\/windows-7-ya-es-historia\\\/#primaryimage\"},\"image\":{\"@id\":\"https:\\\/\\\/www.apen.es\\\/blog\\\/windows-7-ya-es-historia\\\/#primaryimage\"},\"thumbnailUrl\":\"https:\\\/\\\/www.apen.es\\\/wp-content\\\/uploads\\\/2020\\\/01\\\/Win7-end.jpg\",\"datePublished\":\"2020-01-16T10:13:07+00:00\",\"dateModified\":\"2025-02-28T11:51:58+00:00\",\"description\":\"Microsoft ha dejado de dar soporte a&nbsp;Windows 7&nbsp;a partir de este martes 14 de enero. Todo y que la gran mayor\u00eda de usuarios ya se ha pasado a\",\"breadcrumb\":{\"@id\":\"https:\\\/\\\/www.apen.es\\\/blog\\\/windows-7-ya-es-historia\\\/#breadcrumb\"},\"inLanguage\":\"ca\",\"potentialAction\":[{\"@type\":\"ReadAction\",\"target\":[\"https:\\\/\\\/www.apen.es\\\/blog\\\/windows-7-ya-es-historia\\\/\"]}]},{\"@type\":\"ImageObject\",\"inLanguage\":\"ca\",\"@id\":\"https:\\\/\\\/www.apen.es\\\/blog\\\/windows-7-ya-es-historia\\\/#primaryimage\",\"url\":\"https:\\\/\\\/www.apen.es\\\/wp-content\\\/uploads\\\/2020\\\/01\\\/Win7-end.jpg\",\"contentUrl\":\"https:\\\/\\\/www.apen.es\\\/wp-content\\\/uploads\\\/2020\\\/01\\\/Win7-end.jpg\",\"width\":850,\"height\":401},{\"@type\":\"BreadcrumbList\",\"@id\":\"https:\\\/\\\/www.apen.es\\\/blog\\\/windows-7-ya-es-historia\\\/#breadcrumb\",\"itemListElement\":[{\"@type\":\"ListItem\",\"position\":1,\"name\":\"Portada\",\"item\":\"https:\\\/\\\/www.apen.es\\\/\"},{\"@type\":\"ListItem\",\"position\":2,\"name\":\"\u00a1Windows 7 ya es historia!\"}]},{\"@type\":\"WebSite\",\"@id\":\"https:\\\/\\\/www.apen.es\\\/#website\",\"url\":\"https:\\\/\\\/www.apen.es\\\/\",\"name\":\"Apen Inform\u00e1tica\",\"description\":\"Mantenimiento Inform\u00e1tico , Software de Gesti\u00f3n, Soluciones de impresi\u00f3n\",\"publisher\":{\"@id\":\"https:\\\/\\\/www.apen.es\\\/#organization\"},\"potentialAction\":[{\"@type\":\"SearchAction\",\"target\":{\"@type\":\"EntryPoint\",\"urlTemplate\":\"https:\\\/\\\/www.apen.es\\\/?s={search_term_string}\"},\"query-input\":{\"@type\":\"PropertyValueSpecification\",\"valueRequired\":true,\"valueName\":\"search_term_string\"}}],\"inLanguage\":\"ca\"},{\"@type\":\"Organization\",\"@id\":\"https:\\\/\\\/www.apen.es\\\/#organization\",\"name\":\"Apen: Soluciones inform\u00e1ticas\",\"url\":\"https:\\\/\\\/www.apen.es\\\/\",\"logo\":{\"@type\":\"ImageObject\",\"inLanguage\":\"ca\",\"@id\":\"https:\\\/\\\/www.apen.es\\\/#\\\/schema\\\/logo\\\/image\\\/\",\"url\":\"https:\\\/\\\/www.apen.es\\\/wp-content\\\/uploads\\\/2022\\\/08\\\/logo-apenok-231x82-1.png\",\"contentUrl\":\"https:\\\/\\\/www.apen.es\\\/wp-content\\\/uploads\\\/2022\\\/08\\\/logo-apenok-231x82-1.png\",\"width\":231,\"height\":82,\"caption\":\"Apen: Soluciones inform\u00e1ticas\"},\"image\":{\"@id\":\"https:\\\/\\\/www.apen.es\\\/#\\\/schema\\\/logo\\\/image\\\/\"},\"sameAs\":[\"https:\\\/\\\/www.facebook.com\\\/apensolucions\",\"https:\\\/\\\/www.youtube.com\\\/user\\\/ApenCentreInformatic\",\"https:\\\/\\\/www.linkedin.com\\\/company\\\/1021771?trk=tyah&trkInfo=clickedVerticalcompanyclickedEntityId1021771idx2-1-2tarId1464195271196tasapenin\"]},{\"@type\":\"Person\",\"@id\":\"https:\\\/\\\/www.apen.es\\\/#\\\/schema\\\/person\\\/627cea3460442d338764155dd31958c2\",\"name\":\"marqueting\",\"image\":{\"@type\":\"ImageObject\",\"inLanguage\":\"ca\",\"@id\":\"https:\\\/\\\/secure.gravatar.com\\\/avatar\\\/fa80be4db3ad9b3dd851d8272d342d92bf26d7d7e31e15c99432aaeefb8b1735?s=96&d=mm&r=g\",\"url\":\"https:\\\/\\\/secure.gravatar.com\\\/avatar\\\/fa80be4db3ad9b3dd851d8272d342d92bf26d7d7e31e15c99432aaeefb8b1735?s=96&d=mm&r=g\",\"contentUrl\":\"https:\\\/\\\/secure.gravatar.com\\\/avatar\\\/fa80be4db3ad9b3dd851d8272d342d92bf26d7d7e31e15c99432aaeefb8b1735?s=96&d=mm&r=g\",\"caption\":\"marqueting\"},\"url\":\"https:\\\/\\\/www.apen.es\\\/ca\\\/blog\\\/author\\\/marqueting\\\/\"}]}<\/script>\n<!-- \/ Yoast SEO plugin. -->","yoast_head_json":{"title":"Windows 7 ja \u00e9s hist\u00f2ria! - Apen Inform\u00e0tica","description":"Microsoft ha deixat de donar suport a Windows 7 a partir d&#039;aquest dimarts 14 de gener. Tot i que la gran majoria d&#039;usuaris ja s&#039;han passat a","robots":{"index":"index","follow":"follow","max-snippet":"max-snippet:-1","max-image-preview":"max-image-preview:large","max-video-preview":"max-video-preview:-1"},"canonical":"https:\/\/www.apen.es\/ca\/bloc\/windows-7-ja-es-historia\/","og_locale":"ca_ES","og_type":"article","og_title":"\u00a1Windows 7 ya es historia! - Apen Inform\u00e1tica","og_description":"Microsoft ha dejado de dar soporte a&nbsp;Windows 7&nbsp;a partir de este martes 14 de enero. Todo y que la gran mayor\u00eda de usuarios ya se ha pasado a","og_url":"https:\/\/www.apen.es\/ca\/bloc\/windows-7-ja-es-historia\/","og_site_name":"Apen Inform\u00e1tica","article_publisher":"https:\/\/www.facebook.com\/apensolucions","article_published_time":"2020-01-16T10:13:07+00:00","article_modified_time":"2025-02-28T11:51:58+00:00","og_image":[{"width":850,"height":401,"url":"https:\/\/www.apen.es\/wp-content\/uploads\/2020\/01\/Win7-end.jpg","type":"image\/jpeg"}],"author":"marqueting","twitter_card":"summary_large_image","twitter_misc":{"Escrit per":"marqueting","Temps estimat de lectura":"2 minuts"},"schema":{"@context":"https:\/\/schema.org","@graph":[{"@type":"Article","@id":"https:\/\/www.apen.es\/blog\/windows-7-ya-es-historia\/#article","isPartOf":{"@id":"https:\/\/www.apen.es\/blog\/windows-7-ya-es-historia\/"},"author":{"name":"marqueting","@id":"https:\/\/www.apen.es\/#\/schema\/person\/627cea3460442d338764155dd31958c2"},"headline":"\u00a1Windows 7 ya es historia!","datePublished":"2020-01-16T10:13:07+00:00","dateModified":"2025-02-28T11:51:58+00:00","mainEntityOfPage":{"@id":"https:\/\/www.apen.es\/blog\/windows-7-ya-es-historia\/"},"wordCount":331,"publisher":{"@id":"https:\/\/www.apen.es\/#organization"},"image":{"@id":"https:\/\/www.apen.es\/blog\/windows-7-ya-es-historia\/#primaryimage"},"thumbnailUrl":"https:\/\/www.apen.es\/wp-content\/uploads\/2020\/01\/Win7-end.jpg","keywords":["Final windows 7"],"articleSection":["Windows 7"],"inLanguage":"ca"},{"@type":"WebPage","@id":"https:\/\/www.apen.es\/blog\/windows-7-ya-es-historia\/","url":"https:\/\/www.apen.es\/blog\/windows-7-ya-es-historia\/","name":"Windows 7 ja \u00e9s hist\u00f2ria! - Apen Inform\u00e0tica","isPartOf":{"@id":"https:\/\/www.apen.es\/#website"},"primaryImageOfPage":{"@id":"https:\/\/www.apen.es\/blog\/windows-7-ya-es-historia\/#primaryimage"},"image":{"@id":"https:\/\/www.apen.es\/blog\/windows-7-ya-es-historia\/#primaryimage"},"thumbnailUrl":"https:\/\/www.apen.es\/wp-content\/uploads\/2020\/01\/Win7-end.jpg","datePublished":"2020-01-16T10:13:07+00:00","dateModified":"2025-02-28T11:51:58+00:00","description":"Microsoft ha deixat de donar suport a Windows 7 a partir d&#039;aquest dimarts 14 de gener. Tot i que la gran majoria d&#039;usuaris ja s&#039;han passat a","breadcrumb":{"@id":"https:\/\/www.apen.es\/blog\/windows-7-ya-es-historia\/#breadcrumb"},"inLanguage":"ca","potentialAction":[{"@type":"ReadAction","target":["https:\/\/www.apen.es\/blog\/windows-7-ya-es-historia\/"]}]},{"@type":"ImageObject","inLanguage":"ca","@id":"https:\/\/www.apen.es\/blog\/windows-7-ya-es-historia\/#primaryimage","url":"https:\/\/www.apen.es\/wp-content\/uploads\/2020\/01\/Win7-end.jpg","contentUrl":"https:\/\/www.apen.es\/wp-content\/uploads\/2020\/01\/Win7-end.jpg","width":850,"height":401},{"@type":"BreadcrumbList","@id":"https:\/\/www.apen.es\/blog\/windows-7-ya-es-historia\/#breadcrumb","itemListElement":[{"@type":"ListItem","position":1,"name":"Portada","item":"https:\/\/www.apen.es\/"},{"@type":"ListItem","position":2,"name":"\u00a1Windows 7 ya es historia!"}]},{"@type":"WebSite","@id":"https:\/\/www.apen.es\/#website","url":"https:\/\/www.apen.es\/","name":"Apen Inform\u00e0tica","description":"Manteniment inform\u00e0tic , programari de gesti\u00f3, solucions d&#039;impressi\u00f3","publisher":{"@id":"https:\/\/www.apen.es\/#organization"},"potentialAction":[{"@type":"SearchAction","target":{"@type":"EntryPoint","urlTemplate":"https:\/\/www.apen.es\/?s={search_term_string}"},"query-input":{"@type":"PropertyValueSpecification","valueRequired":true,"valueName":"search_term_string"}}],"inLanguage":"ca"},{"@type":"Organization","@id":"https:\/\/www.apen.es\/#organization","name":"Apen: Solucions inform\u00e0tiques","url":"https:\/\/www.apen.es\/","logo":{"@type":"ImageObject","inLanguage":"ca","@id":"https:\/\/www.apen.es\/#\/schema\/logo\/image\/","url":"https:\/\/www.apen.es\/wp-content\/uploads\/2022\/08\/logo-apenok-231x82-1.png","contentUrl":"https:\/\/www.apen.es\/wp-content\/uploads\/2022\/08\/logo-apenok-231x82-1.png","width":231,"height":82,"caption":"Apen: Soluciones inform\u00e1ticas"},"image":{"@id":"https:\/\/www.apen.es\/#\/schema\/logo\/image\/"},"sameAs":["https:\/\/www.facebook.com\/apensolucions","https:\/\/www.youtube.com\/user\/ApenCentreInformatic","https:\/\/www.linkedin.com\/company\/1021771?trk=tyah&trkInfo=clickedVerticalcompanyclickedEntityId1021771idx2-1-2tarId1464195271196tasapenin"]},{"@type":"Person","@id":"https:\/\/www.apen.es\/#\/schema\/person\/627cea3460442d338764155dd31958c2","name":"m\u00e0rqueting","image":{"@type":"ImageObject","inLanguage":"ca","@id":"https:\/\/secure.gravatar.com\/avatar\/fa80be4db3ad9b3dd851d8272d342d92bf26d7d7e31e15c99432aaeefb8b1735?s=96&d=mm&r=g","url":"https:\/\/secure.gravatar.com\/avatar\/fa80be4db3ad9b3dd851d8272d342d92bf26d7d7e31e15c99432aaeefb8b1735?s=96&d=mm&r=g","contentUrl":"https:\/\/secure.gravatar.com\/avatar\/fa80be4db3ad9b3dd851d8272d342d92bf26d7d7e31e15c99432aaeefb8b1735?s=96&d=mm&r=g","caption":"marqueting"},"url":"https:\/\/www.apen.es\/ca\/blog\/author\/marqueting\/"}]}},"taxonomy_info":{"category":[{"value":425,"label":"Windows 7"}],"post_tag":[{"value":426,"label":"Final windows 7"}]},"featured_image_src_large":["https:\/\/www.apen.es\/wp-content\/uploads\/2020\/01\/Win7-end.jpg",850,401,false],"author_info":{"display_name":"marqueting","author_link":"https:\/\/www.apen.es\/ca\/blog\/author\/marqueting\/"},"comment_info":0,"category_info":[{"term_id":425,"name":"Windows 7","slug":"windows-7","term_group":0,"term_taxonomy_id":425,"taxonomy":"category","description":"","parent":0,"count":3,"filter":"raw","term_order":"0","cat_ID":425,"category_count":3,"category_description":"","cat_name":"Windows 7","category_nicename":"windows-7","category_parent":0}],"tag_info":[{"term_id":426,"name":"Final windows 7","slug":"final-windows-7","term_group":0,"term_taxonomy_id":426,"taxonomy":"post_tag","description":"","parent":0,"count":2,"filter":"raw","term_order":"0"}],"_links":{"self":[{"href":"https:\/\/www.apen.es\/ca\/wp-json\/wp\/v2\/posts\/15830","targetHints":{"allow":["GET"]}}],"collection":[{"href":"https:\/\/www.apen.es\/ca\/wp-json\/wp\/v2\/posts"}],"about":[{"href":"https:\/\/www.apen.es\/ca\/wp-json\/wp\/v2\/types\/post"}],"author":[{"embeddable":true,"href":"https:\/\/www.apen.es\/ca\/wp-json\/wp\/v2\/users\/4"}],"replies":[{"embeddable":true,"href":"https:\/\/www.apen.es\/ca\/wp-json\/wp\/v2\/comments?post=15830"}],"version-history":[{"count":1,"href":"https:\/\/www.apen.es\/ca\/wp-json\/wp\/v2\/posts\/15830\/revisions"}],"predecessor-version":[{"id":53644,"href":"https:\/\/www.apen.es\/ca\/wp-json\/wp\/v2\/posts\/15830\/revisions\/53644"}],"wp:featuredmedia":[{"embeddable":true,"href":"https:\/\/www.apen.es\/ca\/wp-json\/wp\/v2\/media\/15831"}],"wp:attachment":[{"href":"https:\/\/www.apen.es\/ca\/wp-json\/wp\/v2\/media?parent=15830"}],"wp:term":[{"taxonomy":"category","embeddable":true,"href":"https:\/\/www.apen.es\/ca\/wp-json\/wp\/v2\/categories?post=15830"},{"taxonomy":"post_tag","embeddable":true,"href":"https:\/\/www.apen.es\/ca\/wp-json\/wp\/v2\/tags?post=15830"}],"curies":[{"name":"wp","href":"https:\/\/api.w.org\/{rel}","templated":true}]}}